{"id":24277,"date":"2023-09-12T10:28:58","date_gmt":"2023-09-12T08:28:58","guid":{"rendered":"https:\/\/echt-koeln.de\/meet5-visite-guidee-melaten-la-ou-cologne-vit-eternellement\/"},"modified":"2025-09-02T11:44:56","modified_gmt":"2025-09-02T09:44:56","slug":"meet5-visite-guidee-melaten-la-ou-cologne-vit-eternellement","status":"publish","type":"post","link":"https:\/\/echt-koeln.de\/fr\/meet5-visite-guidee-melaten-la-ou-cologne-vit-eternellement\/","title":{"rendered":"Meet5 Visite guid\u00e9e Melaten &#8211; L\u00e0 o\u00f9 Cologne vit \u00e9ternellement"},"content":{"rendered":"\n<p>Melaten n&rsquo;est pas seulement un cimeti\u00e8re, Melaten est l&rsquo;histoire de la ville, l&rsquo;histoire de l&rsquo;art, une zone prot\u00e9g\u00e9e, un espace culturel et une oasis au c\u0153ur de la ville. Avant de devenir un cimeti\u00e8re il y a plus de 200 ans, Melaten \u00e9tait d\u00e9j\u00e0 un lieu d&rsquo;ex\u00e9cution et une l\u00e9proserie aux portes de la ville. Aujourd&rsquo;hui, le cimeti\u00e8re est le dernier lieu de repos de nombreux habitants de Cologne, avec environ 55 000 tombes. Et comme nous vivons \u00e0 Cologne, c&rsquo;est aussi le lieu de nombreuses histoires et anecdotes.     <\/p>\n\n<p>Lieu de rendez-vous : entr\u00e9e principale de Melaten sur l&rsquo;Aachener Stra\u00dfe, en face de la maison n\u00b0 249<\/p>\n\n<p>Cette visite est r\u00e9serv\u00e9e aux membres de Meet5<\/p>\n\n<p>Dur\u00e9e : environ 2 heures<\/p>\n\n<p>Prix : 12 \u20ac par personne<\/p>\n\n<div id=\"bookingKitContainer\" data-e=\"46e4040491ff3834c6bb99057b1a553d\" data-cw=\"ed83b797f9ab6e140a506a23e1ef045f\"><\/div>\n<script src=\"https:\/\/f778eb79ccded5756e6e99445d971c54.widget.bookingkit.net\/bkscript\/ed83b797f9ab6e140a506a23e1ef045f\/?e=46e4040491ff3834c6bb99057b1a553d\" async=\"\"><\/script>\n","protected":false},"excerpt":{"rendered":"<p>Melaten n&rsquo;est pas seulement un cimeti\u00e8re, Melaten est l&rsquo;histoire de la ville, l&rsquo;histoire de l&rsquo;art, une zone prot\u00e9g\u00e9e, un espace culturel et une oasis au c\u0153ur de la ville. Avant de devenir un cimeti\u00e8re il y a plus de 200 ans, Melaten \u00e9tait d\u00e9j\u00e0 un lieu d&rsquo;ex\u00e9cution et une l\u00e9proserie aux portes de la ville. &#8230; <a title=\"Meet5 Visite guid\u00e9e Melaten &#8211; L\u00e0 o\u00f9 Cologne vit \u00e9ternellement\" class=\"read-more\" href=\"https:\/\/echt-koeln.de\/fr\/meet5-visite-guidee-melaten-la-ou-cologne-vit-eternellement\/\" aria-label=\"En savoir plus sur Meet5 Visite guid\u00e9e Melaten &#8211; L\u00e0 o\u00f9 Cologne vit \u00e9ternellement\">Lire plus<\/a><\/p>\n","protected":false},"author":5,"featured_media":22965,"comment_status":"closed","ping_status":"closed","sticky":false,"template":"","format":"standard","meta":{"footnotes":""},"categories":[45,13],"tags":[],"class_list":["post-24277","post","type-post","status-publish","format-standard","has-post-thumbnail","hentry","category-als-gruppe-durch-koelns-gassen-fr","category-non-classifiee","generate-columns","tablet-grid-50","mobile-grid-100","grid-parent","grid-50"],"yoast_head":"<!-- This site is optimized with the Yoast SEO plugin v27.5 - https:\/\/yoast.com\/product\/yoast-seo-wordpress\/ -->\n<title>Meet5 Visite guid\u00e9e Melaten - L\u00e0 o\u00f9 Cologne vit \u00e9ternellement - echt K\u00f6ln Stadtf\u00fchrungen<\/title>\n<meta name=\"robots\" content=\"noindex, follow\" \/>\n<meta property=\"og:locale\" content=\"fr_FR\" \/>\n<meta property=\"og:type\" content=\"article\" \/>\n<meta property=\"og:title\" content=\"Meet5 Visite guid\u00e9e Melaten - L\u00e0 o\u00f9 Cologne vit \u00e9ternellement - echt K\u00f6ln Stadtf\u00fchrungen\" \/>\n<meta property=\"og:description\" content=\"Melaten n&rsquo;est pas seulement un cimeti\u00e8re, Melaten est l&rsquo;histoire de la ville, l&rsquo;histoire de l&rsquo;art, une zone prot\u00e9g\u00e9e, un espace culturel et une oasis au c\u0153ur de la ville. Avant de devenir un cimeti\u00e8re il y a plus de 200 ans, Melaten \u00e9tait d\u00e9j\u00e0 un lieu d&rsquo;ex\u00e9cution et une l\u00e9proserie aux portes de la ville. ... Lire plus\" \/>\n<meta property=\"og:url\" content=\"https:\/\/echt-koeln.de\/fr\/meet5-visite-guidee-melaten-la-ou-cologne-vit-eternellement\/\" \/>\n<meta property=\"og:site_name\" content=\"echt K\u00f6ln Stadtf\u00fchrungen\" \/>\n<meta property=\"article:published_time\" content=\"2023-09-12T08:28:58+00:00\" \/>\n<meta property=\"article:modified_time\" content=\"2025-09-02T09:44:56+00:00\" \/>\n<meta property=\"og:image\" content=\"https:\/\/echt-koeln.de\/wp-content\/uploads\/2021\/06\/img-8821-1024x768.jpg\" \/>\n\t<meta property=\"og:image:width\" content=\"1024\" \/>\n\t<meta property=\"og:image:height\" content=\"768\" \/>\n\t<meta property=\"og:image:type\" content=\"image\/jpeg\" \/>\n<meta name=\"author\" content=\"Markus Zens\" \/>\n<meta name=\"twitter:card\" content=\"summary_large_image\" \/>\n<meta name=\"twitter:label1\" content=\"\u00c9crit par\" \/>\n\t<meta name=\"twitter:data1\" content=\"Markus Zens\" \/>\n\t<meta name=\"twitter:label2\" content=\"Dur\u00e9e de lecture estim\u00e9e\" \/>\n\t<meta name=\"twitter:data2\" content=\"1 minute\" \/>\n<script type=\"application\/ld+json\" class=\"yoast-schema-graph\">{\"@context\":\"https:\\\/\\\/schema.org\",\"@graph\":[{\"@type\":\"Article\",\"@id\":\"https:\\\/\\\/echt-koeln.de\\\/fr\\\/meet5-visite-guidee-melaten-la-ou-cologne-vit-eternellement\\\/#article\",\"isPartOf\":{\"@id\":\"https:\\\/\\\/echt-koeln.de\\\/fr\\\/meet5-visite-guidee-melaten-la-ou-cologne-vit-eternellement\\\/\"},\"author\":{\"name\":\"Markus Zens\",\"@id\":\"https:\\\/\\\/echt-koeln.de\\\/fr\\\/#\\\/schema\\\/person\\\/fafc759c78f6aa21c8fe344f16d37d07\"},\"headline\":\"Meet5 Visite guid\u00e9e Melaten &#8211; L\u00e0 o\u00f9 Cologne vit \u00e9ternellement\",\"datePublished\":\"2023-09-12T08:28:58+00:00\",\"dateModified\":\"2025-09-02T09:44:56+00:00\",\"mainEntityOfPage\":{\"@id\":\"https:\\\/\\\/echt-koeln.de\\\/fr\\\/meet5-visite-guidee-melaten-la-ou-cologne-vit-eternellement\\\/\"},\"wordCount\":148,\"publisher\":{\"@id\":\"https:\\\/\\\/echt-koeln.de\\\/fr\\\/#\\\/schema\\\/person\\\/fafc759c78f6aa21c8fe344f16d37d07\"},\"image\":{\"@id\":\"https:\\\/\\\/echt-koeln.de\\\/fr\\\/meet5-visite-guidee-melaten-la-ou-cologne-vit-eternellement\\\/#primaryimage\"},\"thumbnailUrl\":\"https:\\\/\\\/echt-koeln.de\\\/wp-content\\\/uploads\\\/2021\\\/06\\\/img-8821.jpg\",\"articleSection\":[\"Als Gruppe durch K\u00f6lns Gassen\",\"Non classifi\u00e9(e)\"],\"inLanguage\":\"fr-FR\"},{\"@type\":\"WebPage\",\"@id\":\"https:\\\/\\\/echt-koeln.de\\\/fr\\\/meet5-visite-guidee-melaten-la-ou-cologne-vit-eternellement\\\/\",\"url\":\"https:\\\/\\\/echt-koeln.de\\\/fr\\\/meet5-visite-guidee-melaten-la-ou-cologne-vit-eternellement\\\/\",\"name\":\"Meet5 Visite guid\u00e9e Melaten - L\u00e0 o\u00f9 Cologne vit \u00e9ternellement - echt K\u00f6ln Stadtf\u00fchrungen\",\"isPartOf\":{\"@id\":\"https:\\\/\\\/echt-koeln.de\\\/fr\\\/#website\"},\"primaryImageOfPage\":{\"@id\":\"https:\\\/\\\/echt-koeln.de\\\/fr\\\/meet5-visite-guidee-melaten-la-ou-cologne-vit-eternellement\\\/#primaryimage\"},\"image\":{\"@id\":\"https:\\\/\\\/echt-koeln.de\\\/fr\\\/meet5-visite-guidee-melaten-la-ou-cologne-vit-eternellement\\\/#primaryimage\"},\"thumbnailUrl\":\"https:\\\/\\\/echt-koeln.de\\\/wp-content\\\/uploads\\\/2021\\\/06\\\/img-8821.jpg\",\"datePublished\":\"2023-09-12T08:28:58+00:00\",\"dateModified\":\"2025-09-02T09:44:56+00:00\",\"breadcrumb\":{\"@id\":\"https:\\\/\\\/echt-koeln.de\\\/fr\\\/meet5-visite-guidee-melaten-la-ou-cologne-vit-eternellement\\\/#breadcrumb\"},\"inLanguage\":\"fr-FR\",\"potentialAction\":[{\"@type\":\"ReadAction\",\"target\":[\"https:\\\/\\\/echt-koeln.de\\\/fr\\\/meet5-visite-guidee-melaten-la-ou-cologne-vit-eternellement\\\/\"]}]},{\"@type\":\"ImageObject\",\"inLanguage\":\"fr-FR\",\"@id\":\"https:\\\/\\\/echt-koeln.de\\\/fr\\\/meet5-visite-guidee-melaten-la-ou-cologne-vit-eternellement\\\/#primaryimage\",\"url\":\"https:\\\/\\\/echt-koeln.de\\\/wp-content\\\/uploads\\\/2021\\\/06\\\/img-8821.jpg\",\"contentUrl\":\"https:\\\/\\\/echt-koeln.de\\\/wp-content\\\/uploads\\\/2021\\\/06\\\/img-8821.jpg\",\"width\":2048,\"height\":1536},{\"@type\":\"BreadcrumbList\",\"@id\":\"https:\\\/\\\/echt-koeln.de\\\/fr\\\/meet5-visite-guidee-melaten-la-ou-cologne-vit-eternellement\\\/#breadcrumb\",\"itemListElement\":[{\"@type\":\"ListItem\",\"position\":1,\"name\":\"Startseite\",\"item\":\"https:\\\/\\\/echt-koeln.de\\\/fr\\\/\"},{\"@type\":\"ListItem\",\"position\":2,\"name\":\"Meet5 Visite guid\u00e9e Melaten &#8211; L\u00e0 o\u00f9 Cologne vit \u00e9ternellement\"}]},{\"@type\":\"WebSite\",\"@id\":\"https:\\\/\\\/echt-koeln.de\\\/fr\\\/#website\",\"url\":\"https:\\\/\\\/echt-koeln.de\\\/fr\\\/\",\"name\":\"echt K\u00f6ln\",\"description\":\"Begegnungen mit einer ganz besonderen Stadt\",\"publisher\":{\"@id\":\"https:\\\/\\\/echt-koeln.de\\\/fr\\\/#\\\/schema\\\/person\\\/fafc759c78f6aa21c8fe344f16d37d07\"},\"potentialAction\":[{\"@type\":\"SearchAction\",\"target\":{\"@type\":\"EntryPoint\",\"urlTemplate\":\"https:\\\/\\\/echt-koeln.de\\\/fr\\\/?s={search_term_string}\"},\"query-input\":{\"@type\":\"PropertyValueSpecification\",\"valueRequired\":true,\"valueName\":\"search_term_string\"}}],\"inLanguage\":\"fr-FR\"},{\"@type\":[\"Person\",\"Organization\"],\"@id\":\"https:\\\/\\\/echt-koeln.de\\\/fr\\\/#\\\/schema\\\/person\\\/fafc759c78f6aa21c8fe344f16d37d07\",\"name\":\"Markus Zens\",\"image\":{\"@type\":\"ImageObject\",\"inLanguage\":\"fr-FR\",\"@id\":\"https:\\\/\\\/echt-koeln.de\\\/wp-content\\\/uploads\\\/2020\\\/09\\\/cropped-echt_koeln_logo_klein.jpg\",\"url\":\"https:\\\/\\\/echt-koeln.de\\\/wp-content\\\/uploads\\\/2020\\\/09\\\/cropped-echt_koeln_logo_klein.jpg\",\"contentUrl\":\"https:\\\/\\\/echt-koeln.de\\\/wp-content\\\/uploads\\\/2020\\\/09\\\/cropped-echt_koeln_logo_klein.jpg\",\"width\":2000,\"height\":400,\"caption\":\"Markus Zens\"},\"logo\":{\"@id\":\"https:\\\/\\\/echt-koeln.de\\\/wp-content\\\/uploads\\\/2020\\\/09\\\/cropped-echt_koeln_logo_klein.jpg\"}}]}<\/script>\n<!-- \/ Yoast SEO plugin. -->","yoast_head_json":{"title":"Meet5 Visite guid\u00e9e Melaten - L\u00e0 o\u00f9 Cologne vit \u00e9ternellement - echt K\u00f6ln Stadtf\u00fchrungen","robots":{"index":"noindex","follow":"follow"},"og_locale":"fr_FR","og_type":"article","og_title":"Meet5 Visite guid\u00e9e Melaten - L\u00e0 o\u00f9 Cologne vit \u00e9ternellement - echt K\u00f6ln Stadtf\u00fchrungen","og_description":"Melaten n&rsquo;est pas seulement un cimeti\u00e8re, Melaten est l&rsquo;histoire de la ville, l&rsquo;histoire de l&rsquo;art, une zone prot\u00e9g\u00e9e, un espace culturel et une oasis au c\u0153ur de la ville. Avant de devenir un cimeti\u00e8re il y a plus de 200 ans, Melaten \u00e9tait d\u00e9j\u00e0 un lieu d&rsquo;ex\u00e9cution et une l\u00e9proserie aux portes de la ville. ... Lire plus","og_url":"https:\/\/echt-koeln.de\/fr\/meet5-visite-guidee-melaten-la-ou-cologne-vit-eternellement\/","og_site_name":"echt K\u00f6ln Stadtf\u00fchrungen","article_published_time":"2023-09-12T08:28:58+00:00","article_modified_time":"2025-09-02T09:44:56+00:00","og_image":[{"width":1024,"height":768,"url":"https:\/\/echt-koeln.de\/wp-content\/uploads\/2021\/06\/img-8821-1024x768.jpg","type":"image\/jpeg"}],"author":"Markus Zens","twitter_card":"summary_large_image","twitter_misc":{"\u00c9crit par":"Markus Zens","Dur\u00e9e de lecture estim\u00e9e":"1 minute"},"schema":{"@context":"https:\/\/schema.org","@graph":[{"@type":"Article","@id":"https:\/\/echt-koeln.de\/fr\/meet5-visite-guidee-melaten-la-ou-cologne-vit-eternellement\/#article","isPartOf":{"@id":"https:\/\/echt-koeln.de\/fr\/meet5-visite-guidee-melaten-la-ou-cologne-vit-eternellement\/"},"author":{"name":"Markus Zens","@id":"https:\/\/echt-koeln.de\/fr\/#\/schema\/person\/fafc759c78f6aa21c8fe344f16d37d07"},"headline":"Meet5 Visite guid\u00e9e Melaten &#8211; L\u00e0 o\u00f9 Cologne vit \u00e9ternellement","datePublished":"2023-09-12T08:28:58+00:00","dateModified":"2025-09-02T09:44:56+00:00","mainEntityOfPage":{"@id":"https:\/\/echt-koeln.de\/fr\/meet5-visite-guidee-melaten-la-ou-cologne-vit-eternellement\/"},"wordCount":148,"publisher":{"@id":"https:\/\/echt-koeln.de\/fr\/#\/schema\/person\/fafc759c78f6aa21c8fe344f16d37d07"},"image":{"@id":"https:\/\/echt-koeln.de\/fr\/meet5-visite-guidee-melaten-la-ou-cologne-vit-eternellement\/#primaryimage"},"thumbnailUrl":"https:\/\/echt-koeln.de\/wp-content\/uploads\/2021\/06\/img-8821.jpg","articleSection":["Als Gruppe durch K\u00f6lns Gassen","Non classifi\u00e9(e)"],"inLanguage":"fr-FR"},{"@type":"WebPage","@id":"https:\/\/echt-koeln.de\/fr\/meet5-visite-guidee-melaten-la-ou-cologne-vit-eternellement\/","url":"https:\/\/echt-koeln.de\/fr\/meet5-visite-guidee-melaten-la-ou-cologne-vit-eternellement\/","name":"Meet5 Visite guid\u00e9e Melaten - L\u00e0 o\u00f9 Cologne vit \u00e9ternellement - echt K\u00f6ln Stadtf\u00fchrungen","isPartOf":{"@id":"https:\/\/echt-koeln.de\/fr\/#website"},"primaryImageOfPage":{"@id":"https:\/\/echt-koeln.de\/fr\/meet5-visite-guidee-melaten-la-ou-cologne-vit-eternellement\/#primaryimage"},"image":{"@id":"https:\/\/echt-koeln.de\/fr\/meet5-visite-guidee-melaten-la-ou-cologne-vit-eternellement\/#primaryimage"},"thumbnailUrl":"https:\/\/echt-koeln.de\/wp-content\/uploads\/2021\/06\/img-8821.jpg","datePublished":"2023-09-12T08:28:58+00:00","dateModified":"2025-09-02T09:44:56+00:00","breadcrumb":{"@id":"https:\/\/echt-koeln.de\/fr\/meet5-visite-guidee-melaten-la-ou-cologne-vit-eternellement\/#breadcrumb"},"inLanguage":"fr-FR","potentialAction":[{"@type":"ReadAction","target":["https:\/\/echt-koeln.de\/fr\/meet5-visite-guidee-melaten-la-ou-cologne-vit-eternellement\/"]}]},{"@type":"ImageObject","inLanguage":"fr-FR","@id":"https:\/\/echt-koeln.de\/fr\/meet5-visite-guidee-melaten-la-ou-cologne-vit-eternellement\/#primaryimage","url":"https:\/\/echt-koeln.de\/wp-content\/uploads\/2021\/06\/img-8821.jpg","contentUrl":"https:\/\/echt-koeln.de\/wp-content\/uploads\/2021\/06\/img-8821.jpg","width":2048,"height":1536},{"@type":"BreadcrumbList","@id":"https:\/\/echt-koeln.de\/fr\/meet5-visite-guidee-melaten-la-ou-cologne-vit-eternellement\/#breadcrumb","itemListElement":[{"@type":"ListItem","position":1,"name":"Startseite","item":"https:\/\/echt-koeln.de\/fr\/"},{"@type":"ListItem","position":2,"name":"Meet5 Visite guid\u00e9e Melaten &#8211; L\u00e0 o\u00f9 Cologne vit \u00e9ternellement"}]},{"@type":"WebSite","@id":"https:\/\/echt-koeln.de\/fr\/#website","url":"https:\/\/echt-koeln.de\/fr\/","name":"echt K\u00f6ln","description":"Begegnungen mit einer ganz besonderen Stadt","publisher":{"@id":"https:\/\/echt-koeln.de\/fr\/#\/schema\/person\/fafc759c78f6aa21c8fe344f16d37d07"},"potentialAction":[{"@type":"SearchAction","target":{"@type":"EntryPoint","urlTemplate":"https:\/\/echt-koeln.de\/fr\/?s={search_term_string}"},"query-input":{"@type":"PropertyValueSpecification","valueRequired":true,"valueName":"search_term_string"}}],"inLanguage":"fr-FR"},{"@type":["Person","Organization"],"@id":"https:\/\/echt-koeln.de\/fr\/#\/schema\/person\/fafc759c78f6aa21c8fe344f16d37d07","name":"Markus Zens","image":{"@type":"ImageObject","inLanguage":"fr-FR","@id":"https:\/\/echt-koeln.de\/wp-content\/uploads\/2020\/09\/cropped-echt_koeln_logo_klein.jpg","url":"https:\/\/echt-koeln.de\/wp-content\/uploads\/2020\/09\/cropped-echt_koeln_logo_klein.jpg","contentUrl":"https:\/\/echt-koeln.de\/wp-content\/uploads\/2020\/09\/cropped-echt_koeln_logo_klein.jpg","width":2000,"height":400,"caption":"Markus Zens"},"logo":{"@id":"https:\/\/echt-koeln.de\/wp-content\/uploads\/2020\/09\/cropped-echt_koeln_logo_klein.jpg"}}]}},"_links":{"self":[{"href":"https:\/\/echt-koeln.de\/fr\/wp-json\/wp\/v2\/posts\/24277","targetHints":{"allow":["GET"]}}],"collection":[{"href":"https:\/\/echt-koeln.de\/fr\/wp-json\/wp\/v2\/posts"}],"about":[{"href":"https:\/\/echt-koeln.de\/fr\/wp-json\/wp\/v2\/types\/post"}],"author":[{"embeddable":true,"href":"https:\/\/echt-koeln.de\/fr\/wp-json\/wp\/v2\/users\/5"}],"replies":[{"embeddable":true,"href":"https:\/\/echt-koeln.de\/fr\/wp-json\/wp\/v2\/comments?post=24277"}],"version-history":[{"count":1,"href":"https:\/\/echt-koeln.de\/fr\/wp-json\/wp\/v2\/posts\/24277\/revisions"}],"predecessor-version":[{"id":24279,"href":"https:\/\/echt-koeln.de\/fr\/wp-json\/wp\/v2\/posts\/24277\/revisions\/24279"}],"wp:featuredmedia":[{"embeddable":true,"href":"https:\/\/echt-koeln.de\/fr\/wp-json\/wp\/v2\/media\/22965"}],"wp:attachment":[{"href":"https:\/\/echt-koeln.de\/fr\/wp-json\/wp\/v2\/media?parent=24277"}],"wp:term":[{"taxonomy":"category","embeddable":true,"href":"https:\/\/echt-koeln.de\/fr\/wp-json\/wp\/v2\/categories?post=24277"},{"taxonomy":"post_tag","embeddable":true,"href":"https:\/\/echt-koeln.de\/fr\/wp-json\/wp\/v2\/tags?post=24277"}],"curies":[{"name":"wp","href":"https:\/\/api.w.org\/{rel}","templated":true}]}}